{"id":567,"date":"2024-04-04T22:24:45","date_gmt":"2024-04-04T21:24:45","guid":{"rendered":"http:\/\/hecktor.net\/?p=567"},"modified":"2024-04-04T22:24:45","modified_gmt":"2024-04-04T21:24:45","slug":"frieden-ist-noetiger-denn-je-erinnerungen-an-heinrich-achilles-hecktor","status":"publish","type":"post","link":"https:\/\/hecktor.net\/?p=567","title":{"rendered":"Frieden ist n\u00f6tiger denn je &#8211; Erinnerungen an Heinrich Achilles Hecktor"},"content":{"rendered":"\n<p>In diesen Tagen j\u00e4hrt sich der 90. Geburtstag des bekannten Unterliederbacher\u00a0 B\u00fcrgers Heinrich Achilles Hecktor. Der ehemalige Wehrf\u00fchrer der freiwilligen Feuerwehr, stellvertretende Vorsitzende des Vereinsrings und des Heimat- und Geschichtsvereins, Kerbevadder, Mitinitiator der 1.200 Jahr-Feier und Gesch\u00e4ftsinhaber eines Blumenladens mit G\u00e4rtnerei war in Unterliederbach zu Hause und fest verwurzelt im gesellschaftlichen Leben. Seine Ideen und sein Rat wurden von vielen gesch\u00e4tzt und beachtet. Viel zu fr\u00fch ist er 1997 verstorben.<\/p>\n\n\n\n<figure class=\"wp-block-image size-large\"><img loading=\"lazy\" decoding=\"async\" width=\"508\" height=\"800\" src=\"http:\/\/hecktor.net\/wp-content\/uploads\/2024\/04\/Bild1996-508x800.jpg\" alt=\"\" class=\"wp-image-569\" srcset=\"https:\/\/hecktor.net\/wp-content\/uploads\/2024\/04\/Bild1996-508x800.jpg 508w, https:\/\/hecktor.net\/wp-content\/uploads\/2024\/04\/Bild1996-190x300.jpg 190w, https:\/\/hecktor.net\/wp-content\/uploads\/2024\/04\/Bild1996.jpg 521w\" sizes=\"(max-width: 508px) 100vw, 508px\" \/><\/figure>\n\n\n\n<p>Auf Initiative des Verlegers Hans Cavalier, der zusammen mit Heinrich A. Hecktor den Pressestammtisch als Unterliederbacher Forum veranstaltete, wurde 1998 ein Baum an der Liederbacherstra\u00dfe in Erinnerung an Heinrich A. Hecktor gepflanzt. Als Gedenkbaum wurde eine Krimlinde ausgesucht und 1998 gepflanzt und&nbsp; mit einer Gedenkplatte versehen.<\/p>\n\n\n\n<p>Die Krim-Linde (Tilia \u00d7 euchlora) ist ein <a href=\"https:\/\/de.wikipedia.org\/wiki\/Laubbaum\">Laubbaum<\/a> aus der <a href=\"https:\/\/de.wikipedia.org\/wiki\/Gattung_(Biologie)\">Gattung<\/a> der <a href=\"https:\/\/de.wikipedia.org\/wiki\/Linden_(Botanik)\">Linden<\/a> (Tilia) in der <a href=\"https:\/\/de.wikipedia.org\/wiki\/Familie_(Biologie)\">Familie<\/a> der <a href=\"https:\/\/de.wikipedia.org\/wiki\/Malvengew%C3%A4chse\">Malvengew\u00e4chse<\/a> (Malvaceae). Diese Lindenart ist vermutlich eine um 1860 entstandene Hybride aus der <a href=\"https:\/\/de.wikipedia.org\/wiki\/Winter-Linde\">Winter-Linde<\/a> (Tilia cordata) mit der <a href=\"https:\/\/de.wikipedia.org\/wiki\/Schwarzmeer-Linde\">Schwarzmeer-Linde<\/a> (Tilia dasystyla).<\/p>\n\n\n\n<figure class=\"wp-block-image size-large\"><img loading=\"lazy\" decoding=\"async\" width=\"450\" height=\"800\" src=\"http:\/\/hecktor.net\/wp-content\/uploads\/2024\/04\/Krimlinde-450x800.jpg\" alt=\"\" class=\"wp-image-568\" srcset=\"https:\/\/hecktor.net\/wp-content\/uploads\/2024\/04\/Krimlinde-450x800.jpg 450w, https:\/\/hecktor.net\/wp-content\/uploads\/2024\/04\/Krimlinde-169x300.jpg 169w, https:\/\/hecktor.net\/wp-content\/uploads\/2024\/04\/Krimlinde-768x1365.jpg 768w, https:\/\/hecktor.net\/wp-content\/uploads\/2024\/04\/Krimlinde-864x1536.jpg 864w, https:\/\/hecktor.net\/wp-content\/uploads\/2024\/04\/Krimlinde-1152x2048.jpg 1152w, https:\/\/hecktor.net\/wp-content\/uploads\/2024\/04\/Krimlinde-scaled.jpg 1440w\" sizes=\"(max-width: 450px) 100vw, 450px\" \/><\/figure>\n\n\n\n<p>B\u00e4ume sind seit jeher Symbole von Langlebigkeit und Kraft. Laubb\u00e4ume mit ihren sich j\u00e4hrlich erneuernden Bl\u00e4ttern sind daneben Symbole der Wiedergeburt und des Lebens. Das Pflanzen von Gedenkb\u00e4umen war seit der Franz\u00f6sischen Revolution \u00fcblich geworden. Im Gegensatz zu den Freiheits- oder Friedensb\u00e4umen, die in der Regel Linden waren, waren die Gedenkb\u00e4ume die an Kriege und Schlachten erinnerten, typischerweise Eichen. (nach Wikipedia).<\/p>\n\n\n\n<p>Frieden ist n\u00f6tiger denn je. Nie wieder Krieg ist zwar ein frommer Wunsch, aber wir m\u00fcssen als Gesellschaft auch einiges daf\u00fcr tun. Frieden bei uns in Unterliederbach, zwischen den Menschen mit Respekt, Achtung und W\u00fcrde. Frieden in Deutschland in Freiheit, Demokratie und Gleichberechtigung. Frieden in der Welt mit einem fairen Miteinander der V\u00f6lker und echten Entwicklungschancen f\u00fcr alle Menschen. Daf\u00fcr sollen wir als Unterliederbacher Gesellschaft einstehen.<\/p>\n\n\n\n<p>In Erinnerung an Heinrich A. Hecktor und in der Gewissheit das Frieden n\u00f6tiger denn je ist, treffen wir uns am Sonntag, 7. April 16.00 Uhr, an der Unterliederbacher Linde in der Liederbacher Stra\u00dfe.<\/p>\n\n\n\n<p>Es freut sich Stefan Hecktor<\/p>\n","protected":false},"excerpt":{"rendered":"<p>In diesen Tagen j\u00e4hrt sich der 90. Geburtstag des bekannten Unterliederbacher\u00a0 B\u00fcrgers Heinrich Achilles Hecktor. Der ehemalige Wehrf\u00fchrer der freiwilligen Feuerwehr, stellvertretende Vorsitzende des Vereinsrings und des Heimat- und Geschichtsvereins, Kerbevadder, Mitinitiator der 1.200 Jahr-Feier und Gesch\u00e4ftsinhaber eines Blumenladens mit &hellip; <a href=\"https:\/\/hecktor.net\/?p=567\">Weiterlesen <span class=\"meta-nav\">&rarr;<\/span><\/a><\/p>\n","protected":false},"author":1,"featured_media":0,"comment_status":"closed","ping_status":"","sticky":false,"template":"","format":"standard","meta":{"footnotes":""},"categories":[1],"tags":[],"_links":{"self":[{"href":"https:\/\/hecktor.net\/index.php?rest_route=\/wp\/v2\/posts\/567"}],"collection":[{"href":"https:\/\/hecktor.net\/index.php?rest_route=\/wp\/v2\/posts"}],"about":[{"href":"https:\/\/hecktor.net\/index.php?rest_route=\/wp\/v2\/types\/post"}],"author":[{"embeddable":true,"href":"https:\/\/hecktor.net\/index.php?rest_route=\/wp\/v2\/users\/1"}],"replies":[{"embeddable":true,"href":"https:\/\/hecktor.net\/index.php?rest_route=%2Fwp%2Fv2%2Fcomments&post=567"}],"version-history":[{"count":1,"href":"https:\/\/hecktor.net\/index.php?rest_route=\/wp\/v2\/posts\/567\/revisions"}],"predecessor-version":[{"id":570,"href":"https:\/\/hecktor.net\/index.php?rest_route=\/wp\/v2\/posts\/567\/revisions\/570"}],"wp:attachment":[{"href":"https:\/\/hecktor.net\/index.php?rest_route=%2Fwp%2Fv2%2Fmedia&parent=567"}],"wp:term":[{"taxonomy":"category","embeddable":true,"href":"https:\/\/hecktor.net\/index.php?rest_route=%2Fwp%2Fv2%2Fcategories&post=567"},{"taxonomy":"post_tag","embeddable":true,"href":"https:\/\/hecktor.net\/index.php?rest_route=%2Fwp%2Fv2%2Ftags&post=567"}],"curies":[{"name":"wp","href":"https:\/\/api.w.org\/{rel}","templated":true}]}}