{"id":478,"date":"2018-12-31T18:32:42","date_gmt":"2018-12-31T17:32:42","guid":{"rendered":"http:\/\/hecktor.net\/?p=478"},"modified":"2019-01-01T20:48:29","modified_gmt":"2019-01-01T19:48:29","slug":"2018-2019","status":"publish","type":"post","link":"https:\/\/hecktor.net\/?p=478","title":{"rendered":"2018 &#8211; 2019"},"content":{"rendered":"<p>Zum Ende des Jahres m\u00f6chte ich auf drei Ereignisse des Jahres zur\u00fcckschauen.<\/p>\n<h2>#Familienpastoral<\/h2>\n<p>Ende August besuchte unser Bischof Georg im Rahmen der Visitation die Pfarrei Sankt Margareta. Nat\u00fcrlich hat es mich froh und auch stolz gemacht, da\u00df er unsere G\u00e4rtnerei und nat\u00fcrlich das Projekt \u201aAbenteuer Glaube \u2013 Kirche im Gr\u00fcnen\u2018 besuchte. Wer mich kennt, wei\u00df das ich derzeit viel f\u00fcr die sogenannte Familienpastoral brenne. Nach meiner \u00dcberzeugung ist hier einer der Schl\u00fcssel f\u00fcr den Fortbestand der katholischen Kirche zu finden. Aber viel zu wenige suchen nach diesem Schl\u00fcssel\u2026<\/p>\n<p>In der PGR-Sitzung mit dem Bischof durfte ich zu dem Punkt: \u201aDie Situation im Frankfurter Westen \u2013 Sankt Margareta ist eine wachsende Gemeinde\u2018 das einleitende Statement abgeben:<br \/>\n\u201aWir sind Sankt Margareta. Nach Jahren als pastoraler Raum sind wir jetzt einen Pfarrei. Diese Pfarrei als Organisationsstruktur mu\u00df sich noch finden. Wir sind aber auch 5 Gemeinden, kleine und gro\u00dfe, aktive und spannende, mit verschiedenen Schwerpunkten und Neigungen, in Solidarit\u00e4t miteinander. Einheit in der Vielfalt. Unser Credo aus der Gr\u00fcndungsvereinbarung, \u201cein sowohl als auch\u201c, mu\u00df sinnhaftig und zielgerichtet definiert werden.<br \/>\nEinen Unterschied zu vielen Pfarreien Deutschlands gibt es. Wir sind eine wachsende Pfarrei. In den Stadteilen H\u00f6chst, Sindlingen und Unterliederbach werden auch in den n\u00e4chsten Jahren viele Wohnungen gebaut. Die Efahrung zeigt, da\u00df etliche katholische Familien zu uns ziehen werden. Deshalb und weil uns f\u00fcr uns immens wichtig ist, weil es unsere Zukunft ist, mu\u00df die Familienpastoral, und vor allem auch die aufsuchende Familienpastoral, vom Pfarrgemeinderat und der Pfarrei intensiv betrachtete werden. Nachfolgend ein paar Fragen und Anmerkungen&nbsp; an uns und nat\u00fcrlich auch an den Bischof:<\/p>\n<p>&#8211;&nbsp;&nbsp;&nbsp;&nbsp;&nbsp;&nbsp;&nbsp; Wir brauchen Menschenfischer und K\u00fcmmerer, um die Menschen vor Ort direkt zu erreichen. Deshalb ist es wichtig einen authentischen Seelsorger vor Ort einzusetzen.<br \/>\n&#8211;&nbsp;&nbsp;&nbsp;&nbsp;&nbsp;&nbsp;&nbsp; Neben Steinen m\u00fcssen wir in Manpower investieren. Die zus\u00e4tzlichen Chancen und damit verbunden Aufgaben k\u00f6nnen auch von Sozialarbeitern unterst\u00fctzt werden.<br \/>\n&#8211;&nbsp;&nbsp;&nbsp;&nbsp;&nbsp;&nbsp;&nbsp; Im Team zwischen Hauptamtlichen und Ehrenamtlichen k\u00f6nnten wir viel erreichen. Weg mit dem Nebeneinander, mehr Miteinander wagen.<br \/>\n&#8211;&nbsp;&nbsp;&nbsp;&nbsp;&nbsp;&nbsp;&nbsp; Religi\u00f6se Angebote in den katholischen Kitas ist wichtig, aber wie erreichen wir die (katholischen) Kinder in den anderen Kitas.<br \/>\n&#8211;&nbsp;&nbsp;&nbsp;&nbsp;&nbsp;&nbsp;&nbsp; Wie vernetzen wir uns mit den Religionslehrern in den vielen Schulen des Pfarreibezirks<br \/>\nLetztendlich brauchen wir in unserer Pfarrei eine Begeisterung f\u00fcr die Sache Jesu. Dann k\u00f6nnen wir viel erreichen<\/p>\n<p><a href=\"http:\/\/hecktor.net\/wp-content\/uploads\/2018\/12\/2018+Biscof-beim-Pflanzen.jpg\"><img loading=\"lazy\" decoding=\"async\" class=\"aligncenter size-full wp-image-485\" src=\"http:\/\/hecktor.net\/wp-content\/uploads\/2018\/12\/2018+Biscof-beim-Pflanzen.jpg\" alt=\"2018+Biscof beim Pflanzen\" width=\"600\" height=\"800\" srcset=\"https:\/\/hecktor.net\/wp-content\/uploads\/2018\/12\/2018+Biscof-beim-Pflanzen.jpg 600w, https:\/\/hecktor.net\/wp-content\/uploads\/2018\/12\/2018+Biscof-beim-Pflanzen-225x300.jpg 225w\" sizes=\"(max-width: 600px) 100vw, 600px\" \/><\/a> <a href=\"http:\/\/hecktor.net\/wp-content\/uploads\/2018\/12\/2018-Bischof+Begr\u00fc\u00dfung.jpg\"><img loading=\"lazy\" decoding=\"async\" class=\"aligncenter size-full wp-image-484\" src=\"http:\/\/hecktor.net\/wp-content\/uploads\/2018\/12\/2018-Bischof+Begr\u00fc\u00dfung.jpg\" alt=\"2018- Bischof+Begr\u00fc\u00dfung\" width=\"600\" height=\"450\" srcset=\"https:\/\/hecktor.net\/wp-content\/uploads\/2018\/12\/2018-Bischof+Begr\u00fc\u00dfung.jpg 600w, https:\/\/hecktor.net\/wp-content\/uploads\/2018\/12\/2018-Bischof+Begr\u00fc\u00dfung-300x225.jpg 300w, https:\/\/hecktor.net\/wp-content\/uploads\/2018\/12\/2018-Bischof+Begr\u00fc\u00dfung-400x300.jpg 400w\" sizes=\"(max-width: 600px) 100vw, 600px\" \/><\/a> <a href=\"http:\/\/hecktor.net\/wp-content\/uploads\/2018\/12\/2018-Bischof+Steuerungsgruppe.jpg\"><img loading=\"lazy\" decoding=\"async\" class=\"aligncenter size-full wp-image-486\" src=\"http:\/\/hecktor.net\/wp-content\/uploads\/2018\/12\/2018-Bischof+Steuerungsgruppe.jpg\" alt=\"2018- Bischof+Steuerungsgruppe\" width=\"600\" height=\"397\" srcset=\"https:\/\/hecktor.net\/wp-content\/uploads\/2018\/12\/2018-Bischof+Steuerungsgruppe.jpg 600w, https:\/\/hecktor.net\/wp-content\/uploads\/2018\/12\/2018-Bischof+Steuerungsgruppe-300x198.jpg 300w, https:\/\/hecktor.net\/wp-content\/uploads\/2018\/12\/2018-Bischof+Steuerungsgruppe-453x300.jpg 453w\" sizes=\"(max-width: 600px) 100vw, 600px\" \/><\/a>#PrayForKumbo #NoViolence<\/p>\n<p>Mein Herz schl\u00e4gt f\u00fcr die Menschen in Kamerun. Seit \u00fcber 2 Jahren schwelt der Konflikt zwischen der Zentralregierung in Jaunde und den englisch sprechenden Provinzen im Nord-Westen. Die Menschen in Kumbo, Bamenda, Buea, Kumba und Mamfe haben wegen der Unterdr\u00fcckung Ihrer kulturellen Eigenheiten, der Benachteiligung und nicht zuletzt wegen der Korruption protestiert und gestreikt. Die Antwort der Regierung ist, da\u00df die Armee&nbsp; mit Waffengewalt diese Proteste unterdr\u00fccken will. Daraus hat sich jetzt ein B\u00fcrgerkrieg entwickelt, auf denen Separatisten, die sogenannten Amba-Boys, in kleinen Gruppen gegen die Regierung k\u00e4mpft.<br \/>\nDie Zivilisten sind wie immer die Leidtragenden. H\u00e4user und Vorratssilos wurden in Brand gesetzt und viele Menschen verhaftet, gefoltert, misshandelt und ermordet. Vorsichtige Sch\u00e4tzungen gehen von mindestens 1.000 Toten in den letzten 2 Jahren aus. \u00dcber 400.000 Menschen sind in den Busch geflohen,&nbsp; in sichere Gebiete Kameruns oder auch in das nahe Nigeria. In Telefonaten mit unserem Gemeindepfarrer Cyprian, sagt er, da\u00df Sie in Djottin sich noch einigermassen sicher f\u00fchlen. Aber das Haus des Vorsitzenden des Partnerschaftsausschusses, Michael, wurde schon im Mai abgebrannt, und die Werkstatt des PGR-Vorsitzenden, Ignatius, ging im November in Flammen auf. Die Kathethrale von Kumbo hat \u00fcber 30 Einschussl\u00f6cher. Nach \u00dcberf\u00e4llen der Armee im November und Dezember mit Dutzenden von Toten sind viele Menschen aus der Stadt geflohen. So auch unsere Freunde Ephriam und Makelia mit Ihren 3 kleinen Kindern. Sie sind in den frankophonen Teil Kameruns geflohen. Auch unser Freund Father Joseph Clifford, der im September nach 5j\u00e4hrigem Studium in Deutschland, zur\u00fcck nach Kamerun kehrte um dort in Kitiwum ein Priesterseminar zu leiten, war im Dezember unter Beschuss. Zwischen der Armee und den Separatisten gab es rund um die Schule schwere K\u00e4mpfe. Er mu\u00dfte sich in seinem Haus stundenlang auf den Boden legen, damit ihn kein Querschl\u00e4ger trifft.<\/p>\n<p>Konnte im Mai das Bistum Kumbo die Nachbarbist\u00fcmer noch mit Nahrungsmitteln und Notrationen unterst\u00fctzen, so ist jetzt der eigene Lebensmittelbestand aufgebraucht. Bischof George kann keine Lebensmittel an arme Menschen mehr verteilen \u2013 und das in einer Region, die keinen Hunger kannte. Die Lage wird dramatisch: Die Bauern waren nur bedingt auf den Feldern, viele Vorr\u00e4te wurden verbrannt, im November hat die Trockenzeit begonnen und die Preise auf den wenigen M\u00e4rkten steigen ins Unermessliche. Durch die finanzielle Unterst\u00fctzung des Bistums Limburg konnten die Bist\u00fcmer Mamfe und Kumba \u00fcber Caritas International mit Lebensmitteln und Medikamenten versorgt werden. Dies ist aber nur ein Tropfen auf den hei\u00dfen Stein. Im Bistum Kumba ist unser Freund Agapitus (geb\u00fcrtig aus Djottin) seit 3 Jahren Bischof.<\/p>\n<p>In einem Brief von Winfried Montz (Leiter Abteilung Weltkirche im Bistum Limburg) im Dezember 2018 wird der Caritas-Direktor von Kumbo, Fr. Daniel Ache zitiert, der eine umfangreiche Projektbeschreibung f\u00fcr \u00fcber 8.000 sogenannte Internally Displaced People (Menschen die in den Busch geflohen sind) in Bui und Donga-Mantung Division (Teile des Bistums Kumbo) aufgestellt hat, die u.a. folgende Leistungen beinhaltet<br \/>\n&#8211; direkte \u00dcberlebenshilfen mit Nahrungsmitteln, Hygieneartikeln, Kinderbedarf und z.T. Matrazen<br \/>\n&#8211; Kleiderhilfen, Schuhe<br \/>\n&#8211; Aufwendungen f\u00fcr Transport und Zwischenlagerung (Beschaffung wird vornehmlich regional im Raum Nkambe und in Bamenda erfolgen).<\/p>\n<p>Mehr Informationen zur Kumbo-Nothilfe auf der Seite: <a href=\"http:\/\/www.st-johannes-ap.de\">www.st-johannes-ap.de<\/a><\/p>\n<p><a href=\"http:\/\/hecktor.net\/wp-content\/uploads\/2018\/12\/20180501_Djottin-Haus-von-Michael.jpg\"><img loading=\"lazy\" decoding=\"async\" class=\"aligncenter size-full wp-image-496\" src=\"http:\/\/hecktor.net\/wp-content\/uploads\/2018\/12\/20180501_Djottin-Haus-von-Michael.jpg\" alt=\"20180501_Djottin-Haus von Michael\" width=\"600\" height=\"450\" srcset=\"https:\/\/hecktor.net\/wp-content\/uploads\/2018\/12\/20180501_Djottin-Haus-von-Michael.jpg 600w, https:\/\/hecktor.net\/wp-content\/uploads\/2018\/12\/20180501_Djottin-Haus-von-Michael-300x225.jpg 300w, https:\/\/hecktor.net\/wp-content\/uploads\/2018\/12\/20180501_Djottin-Haus-von-Michael-400x300.jpg 400w\" sizes=\"(max-width: 600px) 100vw, 600px\" \/><\/a> <a href=\"http:\/\/hecktor.net\/wp-content\/uploads\/2018\/12\/20180501_Djottin-Hausvon-Michael2.jpg\"><img loading=\"lazy\" decoding=\"async\" class=\"aligncenter size-full wp-image-497\" src=\"http:\/\/hecktor.net\/wp-content\/uploads\/2018\/12\/20180501_Djottin-Hausvon-Michael2.jpg\" alt=\"20180501_Djottin-Hausvon Michael2\" width=\"600\" height=\"450\" srcset=\"https:\/\/hecktor.net\/wp-content\/uploads\/2018\/12\/20180501_Djottin-Hausvon-Michael2.jpg 600w, https:\/\/hecktor.net\/wp-content\/uploads\/2018\/12\/20180501_Djottin-Hausvon-Michael2-300x225.jpg 300w, https:\/\/hecktor.net\/wp-content\/uploads\/2018\/12\/20180501_Djottin-Hausvon-Michael2-400x300.jpg 400w\" sizes=\"(max-width: 600px) 100vw, 600px\" \/><\/a> #Gr\u00fcn#Pflanzen#Leben<\/p>\n<p>Jahrhundertsommer. Hitzerekorde. Klimawandel. Wie w\u00e4re es da einafach mal mit mehr Gr\u00fcn? Gr\u00fcn ist die Farbe des Jahres 2019. Mach mal Gr\u00fcn! Ob in der Weidenkapelle oder mit gr\u00fcnen W\u00e4nden (mit echten Pflanzen). Gr\u00fcn ist die Farbe der Hoffnung. Gr\u00fcn kann uns Menschen helfen.<\/p>\n<p><a href=\"http:\/\/hecktor.net\/wp-content\/uploads\/2018\/12\/2017-06-01-Sommerfest-Weidenkapelle.jpg\"><img loading=\"lazy\" decoding=\"async\" class=\"aligncenter size-full wp-image-487\" src=\"http:\/\/hecktor.net\/wp-content\/uploads\/2018\/12\/2017-06-01-Sommerfest-Weidenkapelle.jpg\" alt=\"2017-06-01-Sommerfest-Weidenkapelle\" width=\"600\" height=\"400\" srcset=\"https:\/\/hecktor.net\/wp-content\/uploads\/2018\/12\/2017-06-01-Sommerfest-Weidenkapelle.jpg 600w, https:\/\/hecktor.net\/wp-content\/uploads\/2018\/12\/2017-06-01-Sommerfest-Weidenkapelle-300x200.jpg 300w, https:\/\/hecktor.net\/wp-content\/uploads\/2018\/12\/2017-06-01-Sommerfest-Weidenkapelle-450x300.jpg 450w\" sizes=\"(max-width: 600px) 100vw, 600px\" \/><\/a> Ich bin froh, da\u00df mir meine Familie Halt gibt. Zu aller erst meine Frau Martina, die mir den R\u00fccken frei h\u00e4lt. Meine Mutter Ursula, die nach 60 Jahren immer noch jeden Tag im Laden steht! Meinen Kindern, die langsam aber sicher gro\u00df werden. Meine Schwestern, Schwiegereltern, Schwagern, Neffen und, und, und Danke das es Euch gibt.<\/p>\n<p><a href=\"http:\/\/hecktor.net\/wp-content\/uploads\/2018\/12\/WIR-Triberg2017.jpg\"><img loading=\"lazy\" decoding=\"async\" class=\"aligncenter size-full wp-image-483\" src=\"http:\/\/hecktor.net\/wp-content\/uploads\/2018\/12\/WIR-Triberg2017.jpg\" alt=\"WIR-Triberg2017\" width=\"600\" height=\"1066\" srcset=\"https:\/\/hecktor.net\/wp-content\/uploads\/2018\/12\/WIR-Triberg2017.jpg 600w, https:\/\/hecktor.net\/wp-content\/uploads\/2018\/12\/WIR-Triberg2017-450x800.jpg 450w\" sizes=\"(max-width: 600px) 100vw, 600px\" \/><\/a><\/p>\n","protected":false},"excerpt":{"rendered":"<p>Zum Ende des Jahres m\u00f6chte ich auf drei Ereignisse des Jahres zur\u00fcckschauen. #Familienpastoral Ende August besuchte unser Bischof Georg im Rahmen der Visitation die Pfarrei Sankt Margareta. Nat\u00fcrlich hat es mich froh und auch stolz gemacht, da\u00df er unsere G\u00e4rtnerei &hellip; <a href=\"https:\/\/hecktor.net\/?p=478\">Weiterlesen <span class=\"meta-nav\">&rarr;<\/span><\/a><\/p>\n","protected":false},"author":1,"featured_media":490,"comment_status":"open","ping_status":"open","sticky":false,"template":"","format":"standard","meta":{"footnotes":""},"categories":[1],"tags":[],"_links":{"self":[{"href":"https:\/\/hecktor.net\/index.php?rest_route=\/wp\/v2\/posts\/478"}],"collection":[{"href":"https:\/\/hecktor.net\/index.php?rest_route=\/wp\/v2\/posts"}],"about":[{"href":"https:\/\/hecktor.net\/index.php?rest_route=\/wp\/v2\/types\/post"}],"author":[{"embeddable":true,"href":"https:\/\/hecktor.net\/index.php?rest_route=\/wp\/v2\/users\/1"}],"replies":[{"embeddable":true,"href":"https:\/\/hecktor.net\/index.php?rest_route=%2Fwp%2Fv2%2Fcomments&post=478"}],"version-history":[{"count":5,"href":"https:\/\/hecktor.net\/index.php?rest_route=\/wp\/v2\/posts\/478\/revisions"}],"predecessor-version":[{"id":526,"href":"https:\/\/hecktor.net\/index.php?rest_route=\/wp\/v2\/posts\/478\/revisions\/526"}],"wp:featuredmedia":[{"embeddable":true,"href":"https:\/\/hecktor.net\/index.php?rest_route=\/wp\/v2\/media\/490"}],"wp:attachment":[{"href":"https:\/\/hecktor.net\/index.php?rest_route=%2Fwp%2Fv2%2Fmedia&parent=478"}],"wp:term":[{"taxonomy":"category","embeddable":true,"href":"https:\/\/hecktor.net\/index.php?rest_route=%2Fwp%2Fv2%2Fcategories&post=478"},{"taxonomy":"post_tag","embeddable":true,"href":"https:\/\/hecktor.net\/index.php?rest_route=%2Fwp%2Fv2%2Ftags&post=478"}],"curies":[{"name":"wp","href":"https:\/\/api.w.org\/{rel}","templated":true}]}}