{"id":437,"date":"2016-03-20T08:43:51","date_gmt":"2016-03-20T08:43:51","guid":{"rendered":"http:\/\/hecktor.net\/?p=437"},"modified":"2016-03-20T11:42:12","modified_gmt":"2016-03-20T11:42:12","slug":"endlich-fruehling","status":"publish","type":"post","link":"https:\/\/hecktor.net\/?p=437","title":{"rendered":"Endlich Fr\u00fchling"},"content":{"rendered":"<p>Enlich Fr\u00fchlingsanfang. Und Palmsonntag. Und ich schreibe mal wieder auf meinem Blog.<\/p>\n<p>Mit dem Palmsonntag beginnt die Heilige Woche. Nur noch wenige Tage bis Ostern.<br \/>\nWer vorher noch etwas &#8218;Besonderes&#8216;\u00a0 erleben will, den lade ich zum \u00f6kumenischen Kreuzweg am <b>Karfreitag um 6.00 Uhr<\/b> ein. Den innereren Schweinehund \u00fcberwinden und diesen besonderen Tag mit guten Gedanken beginnen. Wir lassen uns wie jedes Jahr auf den Jugenkreuzweg ein. Auch in diesem Jahr ist dieser sehr interessant. Wir gehen den Kreuzweg von der katholischen Kirche St. Johannes Apostel (K\u00f6nigsteiner Str. 96) \u00fcber den Liederbach zur evangelischen Stephanuskirche. Dort sind wir anschlie\u00dfend zu einem Fastenfr\u00fchst\u00fcck eingeladen. Herzliche Einladung.<\/p>\n<p><big>Wir leben in bewegenden Zeiten:<br \/>\n<\/big>&#8211; Das Fl\u00fcchtlingsdrama wird uns trotz politischer \u00dcbereink\u00fcnfte noch lange besch\u00e4ftigen. Wovor haben wir Angst? Islam? \u00dcberfremdung? Ich habe mehr Angst vor Kleinkariertheit, Bequemlichkeit, Verachtung, Willk\u00fcr, Gottlosigkeit &#8230;<br \/>\n&#8211; <strong>Jonathan<\/strong> hat diese Woche genullt. Kinder, Kinder wie Zeit vergeht.<br \/>\n&#8211; <strong>Johanna<\/strong> ist schon ein grosses Schulm\u00e4dchen.<br \/>\n&#8211; Und den 80. Geburtstag <strong>meiner Mutter Ursula<\/strong> haben wir vor kurzen auch gro\u00df gefeiert. Man die Frau hat power&#8230;.<\/p>\n<p>&#8211; <strong>Weihbischof Agapitus Nfon<\/strong> wurde am 16. M\u00e4rz 2016 von Papst Franziskus zum <a href=\"http:\/\/hecktor.net\/wp-content\/uploads\/2016\/03\/WIR-Juli2016+Agapitus-Dan-Emily.jpg\"><img loading=\"lazy\" decoding=\"async\" class=\"alignleft size-thumbnail wp-image-438\" alt=\"WIR-Juli2016+Agapitus, Dan, Emily\" src=\"http:\/\/hecktor.net\/wp-content\/uploads\/2016\/03\/WIR-Juli2016+Agapitus-Dan-Emily-150x150.jpg\" width=\"181\" height=\"181\" \/><\/a>ersten Bischof der neuen Di\u00f6zese Kumba im Westen Kameruns ernannt. Bischof Agapitus ist unserer Partnergemeinde Djottin aufgewachsen, war jahrelang Priester in unserem Partnerbistum Kumbo, danach Weibischof in Bamenda bei Erzbischof Cornelius Esua und war letztes Jahr zur Sommerkirche erstmals in St. Johannes. Er war auch bei uns zu Hause zu Besuch und wir hatten einen sch\u00f6nen Sonntag. Ich w\u00fcnsche Bischof Agapitus in seinem Amt alles Gute und Gottes Segen.<small><small><small><small><small><br \/>\n<\/small><\/small><\/small><\/small><\/small><\/p>\n<p>&#8211; Mein <strong>Cousin Wilfried<\/strong> ist mit 80 Jahren verstorben. Ich bin sehr froh und dankbar, da\u00df ich ihm vor seinem letzten Weg mit meinen bescheidenen M\u00f6glichkeiten in vielen Lebenslagen und auch dann beim Sterben begleiten durfte. Danke das Du Wilfreid da warst.<br \/>\n&#8211; Ich h\u00e4tte nie gedacht, das Guido Westerwelle mir fehlen w\u00fcrde. Aber seine Diskussionen und Reden hatten immer was sehr reales und handfestes. Ich habe ihn gerne geh\u00f6rt. Habe ich ihn auch mal gew\u00e4hlt? Kann mich gar nicht mehr daran erinnern? Genauso wie ich Gregor Gisy gerne zuh\u00f6re (Obwohl dies \u00fcberhaupt nicht meine Partei ist). Aber besser als Politiker die seit einem Jahr \u00fcber eine stumpfsinnige Obergrenze reden. Ja gehts noch???? Friede f\u00fcr Guido.<\/p>\n<p>&#8211; <strong>Kirche im Gr\u00fcnen<\/strong> w\u00e4chst: Eines meiner neusten Projekte an denen ich beteiligt bin. Wir bauen in der G\u00e4rtnerei eine Weidenkapelle und eine &#8218;Familienbegegnungsst\u00e4tte&#8216;. Hoffentlich haben wir bis zum Sommer die Basics geschafft, dann berichte ich mehr&#8230;.<br \/>\n&#8211; Und doch keine Fl\u00fcchtlinge in St. Johannes Apostel: Welch eine Entt\u00e4uschung. Erst machen alle auf &#8218;wir brauchen Unterst\u00fctzung f\u00fcr die Unterk\u00fcnfte&#8216; (Papst, Merkel, Stadtdekan) und dann scheitert es an der typischen deutschen B\u00fcrokratie (Rentamt, Caritasverband, Stadt Frankfurt). Soll noch einer kommen und was sagen. Nur die Fl\u00fcchtlinge k\u00f6nnen nix daf\u00fcr.<\/p>\n<p>So jetzt wisst Ihr, was mich so neben der Arbeit im Moment so umtreibt und auf Trapp h\u00e4lt.<b><\/b><\/p>\n","protected":false},"excerpt":{"rendered":"<p>Enlich Fr\u00fchlingsanfang. Und Palmsonntag. Und ich schreibe mal wieder auf meinem Blog. Mit dem Palmsonntag beginnt die Heilige Woche. Nur noch wenige Tage bis Ostern. Wer vorher noch etwas &#8218;Besonderes&#8216;\u00a0 erleben will, den lade ich zum \u00f6kumenischen Kreuzweg am Karfreitag &hellip; <a href=\"https:\/\/hecktor.net\/?p=437\">Weiterlesen <span class=\"meta-nav\">&rarr;<\/span><\/a><\/p>\n","protected":false},"author":1,"featured_media":0,"comment_status":"open","ping_status":"open","sticky":false,"template":"","format":"standard","meta":{"footnotes":""},"categories":[1],"tags":[],"_links":{"self":[{"href":"https:\/\/hecktor.net\/index.php?rest_route=\/wp\/v2\/posts\/437"}],"collection":[{"href":"https:\/\/hecktor.net\/index.php?rest_route=\/wp\/v2\/posts"}],"about":[{"href":"https:\/\/hecktor.net\/index.php?rest_route=\/wp\/v2\/types\/post"}],"author":[{"embeddable":true,"href":"https:\/\/hecktor.net\/index.php?rest_route=\/wp\/v2\/users\/1"}],"replies":[{"embeddable":true,"href":"https:\/\/hecktor.net\/index.php?rest_route=%2Fwp%2Fv2%2Fcomments&post=437"}],"version-history":[{"count":4,"href":"https:\/\/hecktor.net\/index.php?rest_route=\/wp\/v2\/posts\/437\/revisions"}],"predecessor-version":[{"id":442,"href":"https:\/\/hecktor.net\/index.php?rest_route=\/wp\/v2\/posts\/437\/revisions\/442"}],"wp:attachment":[{"href":"https:\/\/hecktor.net\/index.php?rest_route=%2Fwp%2Fv2%2Fmedia&parent=437"}],"wp:term":[{"taxonomy":"category","embeddable":true,"href":"https:\/\/hecktor.net\/index.php?rest_route=%2Fwp%2Fv2%2Fcategories&post=437"},{"taxonomy":"post_tag","embeddable":true,"href":"https:\/\/hecktor.net\/index.php?rest_route=%2Fwp%2Fv2%2Ftags&post=437"}],"curies":[{"name":"wp","href":"https:\/\/api.w.org\/{rel}","templated":true}]}}