{"id":413,"date":"2016-01-03T20:50:45","date_gmt":"2016-01-03T20:50:45","guid":{"rendered":"http:\/\/hecktor.net\/?p=413"},"modified":"2016-01-03T20:50:45","modified_gmt":"2016-01-03T20:50:45","slug":"klopfet-an-frohes-neues-jahr","status":"publish","type":"post","link":"https:\/\/hecktor.net\/?p=413","title":{"rendered":"Klopfet an &#8211; Frohes Neues Jahr"},"content":{"rendered":"<p>Zwei Menschen sind unterwegs. Eine Frau, hochschwanger und ein Mann. Sie suchen eine Unterkunft. Sie sind nicht auf der Flucht, aber in einer fremden Stadt. Sie klopfen an der T\u00fcr. Wird die T\u00fcr ge\u00f6ffnet? \u00a0Werden sie Gastfreundschaft erleben? <a href=\"http:\/\/hecktor.net\/wp-content\/uploads\/2016\/01\/Lampedusa-Kreuz+Johannes-Finger.jpg\"><img loading=\"lazy\" decoding=\"async\" class=\"alignleft size-thumbnail wp-image-419\" alt=\"Lampedusa-Kreuz+Johannes-Finger\" src=\"http:\/\/hecktor.net\/wp-content\/uploads\/2016\/01\/Lampedusa-Kreuz+Johannes-Finger-150x150.jpg\" width=\"181\" height=\"181\" \/><\/a>Drei Menschen sind auf der Flucht. Eine Frau, ein neugeborener Junge und ein Mann. Sie fliehen vor einem K\u00f6nig, der alle Babys umbringen will, um seine Macht zu festigen. Sie fliehen in ein fremdes Land. Wird man ihnen Asyl gew\u00e4hren und Ihnen eine Bleibe geben, bis der Spuk zu Hause zu Ende ist? Tausende Menschen m\u00f6chten fliehen. Frauen, M\u00e4nner, Kinder. \u00a0Ihr Land hat sich ver\u00e4ndert. Sie m\u00fcssen einen Stern tragen und werden wie Auss\u00e4tzige behandelt. Sie ahnen, da\u00df es aber noch schlimmer kommen wird. Sie m\u00fcssen ihre Heimat verlassen. Aber die Nachbarl\u00e4nder halten Konferenzen ab und sagen, das sie keine Fl\u00fcchtlinge mehr aufnehmen k\u00f6nnen. Viele versuchen illegal die Grenze zu \u00fcbertreten. Viele werden gefasst und zur\u00fcck geschickt. Wie wir heute wissen in den gr\u00f6\u00dften Holocaust der Geschichte. Millionen Menschen fliehen. Frauen, M\u00e4nner, Kinder. Sie fliehen vor Krieg, vor Diktatoren, vor Gewalt, vor Hunger, vor Armut. Ihre H\u00e4user sind zerst\u00f6rt. Die Zukunft ist d\u00fcster. Sie wollen Ihre Haut retten. Oft ist es nur die nackte Haut. Sie nehmen gro\u00dfe M\u00fchen auf. Sie gehen durch die W\u00fcste. Sie ferchen sich in kleine Boote und wollen \u00fcber das Meer. Bei Regen, K\u00e4lte und Schnee ziehen sie durchs Gebirge. Oft sehen sie den Tod ins Gesicht. Viele sterben in der W\u00fcste, viele ertrinken im Mittelmeer.\u00a0 Und dann diskutieren\u00a0 wir dar\u00fcber,\u00a0 ob wir das schaffen k\u00f6nnen! Diese Menschen suchen eine Herberge f\u00fcr eine Nacht, eine Unterkunft f\u00fcr eine Woche, eine Wohnung f\u00fcr ein Jahr. Sie suchen eine Perspektive, eine Hoffnung, ein erf\u00fclltes Leben. Suchen wir das nicht alle? Sind die Tr\u00e4ume und Hoffnungen nicht die Gleichen, wie wir sie auch haben? Da gab es einen Mann vor ungef\u00e4hr zweitausend Jahren, der uns eine Verhei\u00dfung gab: Bittet, dann wird euch gegeben. Sucht, dann werdet ihr finden. Klopft an, dann wird Euch ge\u00f6ffnet Im Advent hatten wir in St. Johannes 3 &#8218;Herbergssuchen&#8216; veranstaltet, die Anst\u00f6\u00dfe geben wollte. Wir k\u00f6nnen unsere Augen nicht verschlie\u00dfen vor dem Elend dieser Welt. Wir m\u00fcssen L\u00f6sungen suchen. Ob ein Krieg die L\u00f6sung ist? Oder ob eine neue Mauer die L\u00f6sung ist? Das ist stark zu bezweifeln. Ein L\u00f6sungsansatz ist es, den Menschen vor Ort zu helfen. \u00a0Klar wir m\u00fcssen den Fl\u00fcchtlingen auch hier in Deutschland \u00a0helfen. \u00a0Aber weltweit sind 64 Millionen Fl\u00fcchtlinge unterwegs. Und die Weltgemeinschaft hilft zu wenig.<\/p>\n<p><a href=\"http:\/\/hecktor.net\/wp-content\/uploads\/2016\/01\/DSCN2423.jpg\"><img loading=\"lazy\" decoding=\"async\" class=\"alignleft size-thumbnail wp-image-420\" alt=\"DSCN2423\" src=\"http:\/\/hecktor.net\/wp-content\/uploads\/2016\/01\/DSCN2423-150x150.jpg\" width=\"150\" height=\"150\" \/><\/a>Das Lampedusa-Kreuz, welches \u00fcber Weihnachten \/ Neujahr in unserer Kirche stand, soll uns an die Fl\u00fcchtlinge erinnern. Soll uns ermahnen. Ein eindringliches Zeichen. Ein Kreuz, welches unter die Haut geht. Die Ausstellung Asyl ist Menschenrecht von Pro Asyl (noch bis zum 17. Januar in der Kirche zu sehen), gibt uns handfeste Informationen, die unter die Haut gehen. Und was ist mit den Fluchtursachen? Diese zu bek\u00e4mpfen, schwierig und vielf\u00e4ltig. Aber sehr wichtig ist es den Menschen in Ihrer Heimat Perspektiven zu geben. Ein funktionierendes Gesundheitssystem und eine gute Schulausbildung sind die Basis f\u00fcr eine gute Entwicklung. Aber die Menschen m\u00fcssen auch Arbeitschancen und Entwicklungsm\u00f6glichkeiten haben. Und sie m\u00fcssen auch von ihrer Arbeit leben k\u00f6nnen. Eine gerechte Welthandelsordnung ist die Utopie. Und wir sollten in Solidarit\u00e4t handeln.\u00a0 Das sind wir den Menschen und den Familien vor Ort schuldig.<\/p>\n<p><a href=\"http:\/\/hecktor.net\/wp-content\/uploads\/2016\/01\/DSCN2415.jpg\"><img loading=\"lazy\" decoding=\"async\" class=\"alignleft size-thumbnail wp-image-421\" alt=\"DSCN2415\" src=\"http:\/\/hecktor.net\/wp-content\/uploads\/2016\/01\/DSCN2415-150x150.jpg\" width=\"150\" height=\"150\" \/><\/a><a href=\"http:\/\/hecktor.net\/wp-content\/uploads\/2016\/01\/DSCN2427.jpg\"><img loading=\"lazy\" decoding=\"async\" class=\"alignleft size-thumbnail wp-image-423\" alt=\"DSCN2427\" src=\"http:\/\/hecktor.net\/wp-content\/uploads\/2016\/01\/DSCN2427-150x150.jpg\" width=\"150\" height=\"150\" \/><\/a><a href=\"http:\/\/hecktor.net\/wp-content\/uploads\/2016\/01\/Lampedusa-Kreuz+WS.jpg\"><img loading=\"lazy\" decoding=\"async\" class=\"alignleft size-thumbnail wp-image-416\" alt=\"Lampedusa-Kreuz+WS\" src=\"http:\/\/hecktor.net\/wp-content\/uploads\/2016\/01\/Lampedusa-Kreuz+WS-150x150.jpg\" width=\"150\" height=\"150\" \/><\/a><a href=\"http:\/\/hecktor.net\/wp-content\/uploads\/2016\/01\/Lampedusa-Kreuz+JoJo.jpg\"><img loading=\"lazy\" decoding=\"async\" class=\"alignleft size-thumbnail wp-image-424\" alt=\"Lampedusa-Kreuz+JoJo\" src=\"http:\/\/hecktor.net\/wp-content\/uploads\/2016\/01\/Lampedusa-Kreuz+JoJo-150x150.jpg\" width=\"150\" height=\"150\" \/><\/a><\/p>\n<p><a href=\"http:\/\/hecktor.net\/wp-content\/uploads\/2016\/01\/Lampedusa-Kreuz+Jonathan.jpg\"><img loading=\"lazy\" decoding=\"async\" class=\"alignleft size-thumbnail wp-image-425\" alt=\"Lampedusa-Kreuz+Jonathan\" src=\"http:\/\/hecktor.net\/wp-content\/uploads\/2016\/01\/Lampedusa-Kreuz+Jonathan-150x150.jpg\" width=\"150\" height=\"150\" \/><\/a> <a href=\"http:\/\/hecktor.net\/wp-content\/uploads\/2016\/01\/Lampedusa-Kreuz+JoJo1.jpg\"><img loading=\"lazy\" decoding=\"async\" class=\"alignleft size-thumbnail wp-image-426\" alt=\"Lampedusa-Kreuz+JoJo1\" src=\"http:\/\/hecktor.net\/wp-content\/uploads\/2016\/01\/Lampedusa-Kreuz+JoJo1-150x150.jpg\" width=\"150\" height=\"150\" \/><\/a><\/p>\n<p><a href=\"http:\/\/hecktor.net\/wp-content\/uploads\/2016\/01\/Lampedusa-Kreuz-in-Weidenkapelle.jpg\"><img loading=\"lazy\" decoding=\"async\" class=\"alignleft size-thumbnail wp-image-427\" alt=\"Lampedusa-Kreuz in Weidenkapelle\" src=\"http:\/\/hecktor.net\/wp-content\/uploads\/2016\/01\/Lampedusa-Kreuz-in-Weidenkapelle-150x150.jpg\" width=\"150\" height=\"150\" \/><\/a> <a href=\"http:\/\/hecktor.net\/wp-content\/uploads\/2016\/01\/Lampedusa-Kreuz-in-Weidenkapelle2.jpg\"><img loading=\"lazy\" decoding=\"async\" class=\"alignleft size-thumbnail wp-image-428\" alt=\"Lampedusa-Kreuz in Weidenkapelle2\" src=\"http:\/\/hecktor.net\/wp-content\/uploads\/2016\/01\/Lampedusa-Kreuz-in-Weidenkapelle2-150x150.jpg\" width=\"150\" height=\"150\" \/><\/a> <a href=\"http:\/\/hecktor.net\/wp-content\/uploads\/2016\/01\/Lampedusa-Kreuz-in-Weidenkapelle4.jpg\"><img loading=\"lazy\" decoding=\"async\" class=\"alignleft size-thumbnail wp-image-429\" alt=\"Lampedusa-Kreuz in Weidenkapelle4\" src=\"http:\/\/hecktor.net\/wp-content\/uploads\/2016\/01\/Lampedusa-Kreuz-in-Weidenkapelle4-150x150.jpg\" width=\"150\" height=\"150\" \/><\/a> <a href=\"http:\/\/hecktor.net\/wp-content\/uploads\/2016\/01\/Lampedusa-Kreuz-in-Weidenkapelle5.jpg\"><img loading=\"lazy\" decoding=\"async\" class=\"alignleft size-thumbnail wp-image-430\" alt=\"Lampedusa-Kreuz in Weidenkapelle5\" src=\"http:\/\/hecktor.net\/wp-content\/uploads\/2016\/01\/Lampedusa-Kreuz-in-Weidenkapelle5-150x150.jpg\" width=\"150\" height=\"150\" \/><\/a> <a href=\"http:\/\/hecktor.net\/wp-content\/uploads\/2016\/01\/Lampedusa-Kreuz-in-Weidenkapelle6.jpg\"><img loading=\"lazy\" decoding=\"async\" class=\"alignleft size-thumbnail wp-image-431\" alt=\"Lampedusa-Kreuz in Weidenkapelle6\" src=\"http:\/\/hecktor.net\/wp-content\/uploads\/2016\/01\/Lampedusa-Kreuz-in-Weidenkapelle6-150x150.jpg\" width=\"150\" height=\"150\" \/><\/a> <a href=\"http:\/\/hecktor.net\/wp-content\/uploads\/2016\/01\/Lampedusa-Kreuz-in-Weidenkapelle7.jpg\"><img loading=\"lazy\" decoding=\"async\" class=\"alignleft size-thumbnail wp-image-432\" alt=\"Lampedusa-Kreuz in Weidenkapelle7\" src=\"http:\/\/hecktor.net\/wp-content\/uploads\/2016\/01\/Lampedusa-Kreuz-in-Weidenkapelle7-150x150.jpg\" width=\"150\" height=\"150\" \/><\/a><\/p>\n<p>&nbsp;<\/p>\n<p><b><span style=\"text-decoration: underline;\">Erkl\u00e4rung zum Lampedusa Kreuz<\/span><\/b><\/p>\n<p>Seit dem Jahr 2000 sind \u00fcber 25.000 Menschen im Mittelmeer ertrunken, als sie versuchten Europa zu erreichen. Die Insel Lampedusa, im Mittelmeer gelegen zwischen Italien und Tunesien, steht symbolisch f\u00fcr die Not und das Leid von Menschen, die in ihrer Verzweiflung keinen anderen Weg als den \u00fcber das Meer wissen. Viele sind Fl\u00fcchtlinge, Opfer von Krieg und Gewalt, Verfolgung und Terror. Andere suchen einen Ausweg aus Elend und Perspektivlosigkeit in ihrer Heimat. Sie alle teilen die Hoffnung auf ein Leben in Frieden und Sicherheit, mit einer guten Zukunft f\u00fcr sich und ihre Familien.<\/p>\n<p><a href=\"http:\/\/hecktor.net\/wp-content\/uploads\/2016\/01\/Lampedusa-Kreuz-Signatur.jpg\"><img loading=\"lazy\" decoding=\"async\" class=\"alignleft size-thumbnail wp-image-433\" alt=\"Lampedusa-Kreuz-Signatur\" src=\"http:\/\/hecktor.net\/wp-content\/uploads\/2016\/01\/Lampedusa-Kreuz-Signatur-150x150.jpg\" width=\"244\" height=\"244\" \/><\/a>Aus den \u00dcberresten von Fl\u00fcchtlingsbooten hat der Schreiner Francesco Tuccio den Altar der Messe gestaltet, die Papst Franziskus am 8. Juli 2013 im Gedenken f\u00fcr die Toten dieser menschengemachten Trag\u00f6die auf der Insel feierte. Seither fertigt er Kreuze und andere liturgische Gegenst\u00e4nde aus diesen \u00dcberresten, die nicht nur in Italien, sondern in ganz Europa Verbreitung finden. Mit dieser Initiative will Francesco Tuccio auf die Situation der Fl\u00fcchtlinge aufmerksam machen.<\/p>\n<p>&nbsp;<\/p>\n<p>&nbsp;<\/p>\n","protected":false},"excerpt":{"rendered":"<p>Zwei Menschen sind unterwegs. Eine Frau, hochschwanger und ein Mann. Sie suchen eine Unterkunft. Sie sind nicht auf der Flucht, aber in einer fremden Stadt. Sie klopfen an der T\u00fcr. Wird die T\u00fcr ge\u00f6ffnet? \u00a0Werden sie Gastfreundschaft erleben? Drei Menschen &hellip; <a href=\"https:\/\/hecktor.net\/?p=413\">Weiterlesen <span class=\"meta-nav\">&rarr;<\/span><\/a><\/p>\n","protected":false},"author":1,"featured_media":0,"comment_status":"open","ping_status":"open","sticky":false,"template":"","format":"standard","meta":{"footnotes":""},"categories":[1],"tags":[],"_links":{"self":[{"href":"https:\/\/hecktor.net\/index.php?rest_route=\/wp\/v2\/posts\/413"}],"collection":[{"href":"https:\/\/hecktor.net\/index.php?rest_route=\/wp\/v2\/posts"}],"about":[{"href":"https:\/\/hecktor.net\/index.php?rest_route=\/wp\/v2\/types\/post"}],"author":[{"embeddable":true,"href":"https:\/\/hecktor.net\/index.php?rest_route=\/wp\/v2\/users\/1"}],"replies":[{"embeddable":true,"href":"https:\/\/hecktor.net\/index.php?rest_route=%2Fwp%2Fv2%2Fcomments&post=413"}],"version-history":[{"count":6,"href":"https:\/\/hecktor.net\/index.php?rest_route=\/wp\/v2\/posts\/413\/revisions"}],"predecessor-version":[{"id":435,"href":"https:\/\/hecktor.net\/index.php?rest_route=\/wp\/v2\/posts\/413\/revisions\/435"}],"wp:attachment":[{"href":"https:\/\/hecktor.net\/index.php?rest_route=%2Fwp%2Fv2%2Fmedia&parent=413"}],"wp:term":[{"taxonomy":"category","embeddable":true,"href":"https:\/\/hecktor.net\/index.php?rest_route=%2Fwp%2Fv2%2Fcategories&post=413"},{"taxonomy":"post_tag","embeddable":true,"href":"https:\/\/hecktor.net\/index.php?rest_route=%2Fwp%2Fv2%2Ftags&post=413"}],"curies":[{"name":"wp","href":"https:\/\/api.w.org\/{rel}","templated":true}]}}