{"id":167,"date":"2013-10-26T00:57:07","date_gmt":"2013-10-26T00:57:07","guid":{"rendered":"http:\/\/hecktor.net\/?p=167"},"modified":"2013-10-26T00:57:07","modified_gmt":"2013-10-26T00:57:07","slug":"kumbo-ich-freu-mich-dennoch","status":"publish","type":"post","link":"https:\/\/hecktor.net\/?p=167","title":{"rendered":"Kumbo &#8211; Ich freu mich dennoch!"},"content":{"rendered":"<p>Welch st\u00fcrmische Zeiten hat unser Bistum in den letzten Wochen erlebt! Welch ein Medienecho! Nein ich kann mich an kein Ereigniss erinnern! Wir sind Pabst? Das war einmal! Limburg ist so bekannt.Ber\u00fchmt, ber\u00fcchtigt. Die Kirche in Deutschlandwird nicht mehr so sein wie es war. 210 Jahre nach Napoleum sind die Einschnitte noch nicht klar.<\/p>\n<p>Und ausgerechnet jetzt f\u00e4hrt eine kleine sechsk\u00f6pfige Delegation aus dem Bistum Limburg in das Partnerbistum Kumbo. Nach 25j\u00e4hriger Bistumspartnerschaft wollen wir gemeinsam mit unseren Freunden eine neue Partnerschaftsvereinbarung erarbeiten. Daf\u00fcr ist in Kumbo ein viert\u00e4giger Workshop geplant. Die Partnerschaft wird evaluiert, neue Ideen sollen entwickelt werden. Ziel ist ein tragf\u00e4higes Konzept f\u00fcr die Zukunft.<\/p>\n<p><a href=\"http:\/\/hecktor.net\/wp-content\/uploads\/2013\/10\/Kathedrale-Kumbo.jpg\"><img loading=\"lazy\" decoding=\"async\" class=\"aligncenter size-medium wp-image-172\" title=\"Kathedrale Kumbo\" src=\"http:\/\/hecktor.net\/wp-content\/uploads\/2013\/10\/Kathedrale-Kumbo-224x300.jpg\" alt=\"\" width=\"224\" height=\"300\" srcset=\"https:\/\/hecktor.net\/wp-content\/uploads\/2013\/10\/Kathedrale-Kumbo-224x300.jpg 224w, https:\/\/hecktor.net\/wp-content\/uploads\/2013\/10\/Kathedrale-Kumbo-766x1024.jpg 766w, https:\/\/hecktor.net\/wp-content\/uploads\/2013\/10\/Kathedrale-Kumbo.jpg 883w\" sizes=\"(max-width: 224px) 100vw, 224px\" \/><\/a><\/p>\n<p>Als Vertreter der Kamerun AG und der Gemeindepartnerschaften darf ich Teil der Delegation sein. Keine Ahnung, auf was ich mich einlasse. Aber egal. Es wird schon passen. Nach 11 Jahren freue ich mich wieder auf den Nordwesten Kameruns. Und ich freue mich auf meine Freunde: Makelia, Ephriam, Andrew, Michael, Alice, Augustin, Bernard, Daniel, Fon Solomon &#8230;. Und darauf, endlich viele kennen zu lernen: Renata, Matthias, Paul, Livinus &#8230; Und ich freu mich wie Bolle auf 3 Tage Djottin, im Anschlu\u00df an die offizielle Reise. Und ich bin gespannt auf den Hausbau\u00a0 von Makelia und Ephriam.<\/p>\n<p>So sieht das Reiseprogramm aus:<br \/>\nSamstag, 26. Oktober: Abflug von Frankfurt via Paris nach Douala<br \/>\nSonntag, 27. Oktober: Bustransfer von Douala via Barmenda nach Kumbo<br \/>\nMittagessen im Bischofshaus von Barmenda mit dem Erzbischof<br \/>\n(angefragt)<br \/>\nMontag 28. Oktober: Erkundungen in Kumbo<br \/>\nDienstag, 29. Oktober: Besuch einer Gemeinde: K4<br \/>\nMittwoch, 30. Oktober: Workshop<br \/>\nDonnerstag, 31. Oktober: Workshop<br \/>\nFreitag, 1. November: Workshop<br \/>\nSamstag, 2. November: Workshop<br \/>\nSonntag, 3. November: Heilige Messe<\/p>\n<p>Montag, 4. November: Besuch von Djottin<br \/>\nDienstag, 5. November: Besuch von Djottin<br \/>\nMittwoch, 6. November: Besuch von Djottin \/ R\u00fcckfahrt nach Kumbo<br \/>\nDonnerstag, 7. Novemberr: Bustransfer von Kumbo via Barmenda nach Douala<br \/>\nNachtflug von Douala via Paris nach Frankfurt<br \/>\nFreitag, 8.November: Erwartete Anunft in Frankfurt (ca. 9.00 Uhr)<\/p>\n<p>Letzte Woche bekam ich von Pfarrter Martin Sauer den Reisesegen gespendet und wurde ausgesendet. Auch unsere Partnerschaftskerze wurde gesegnet.<br \/>\nMehr Informationen gibt es dazu auch unter:<br \/>\nhttp:\/\/www.st-johannes-ap.de\/2013\/ein-ausgefuellter-sonntag<\/p>\n<p><a href=\"http:\/\/hecktor.net\/wp-content\/uploads\/2013\/10\/Reisesegnen.jpg\"><img loading=\"lazy\" decoding=\"async\" class=\"aligncenter size-medium wp-image-171\" title=\"Reisesegnen\" src=\"http:\/\/hecktor.net\/wp-content\/uploads\/2013\/10\/Reisesegnen-300x209.jpg\" alt=\"\" width=\"300\" height=\"209\" srcset=\"https:\/\/hecktor.net\/wp-content\/uploads\/2013\/10\/Reisesegnen-300x209.jpg 300w, https:\/\/hecktor.net\/wp-content\/uploads\/2013\/10\/Reisesegnen-429x300.jpg 429w, https:\/\/hecktor.net\/wp-content\/uploads\/2013\/10\/Reisesegnen.jpg 841w\" sizes=\"(max-width: 300px) 100vw, 300px\" \/><\/a><\/p>\n<p>&nbsp;<\/p>\n<p>&nbsp;<\/p>\n","protected":false},"excerpt":{"rendered":"<p>Welch st\u00fcrmische Zeiten hat unser Bistum in den letzten Wochen erlebt! Welch ein Medienecho! Nein ich kann mich an kein Ereigniss erinnern! Wir sind Pabst? Das war einmal! Limburg ist so bekannt.Ber\u00fchmt, ber\u00fcchtigt. Die Kirche in Deutschlandwird nicht mehr so &hellip; <a href=\"https:\/\/hecktor.net\/?p=167\">Weiterlesen <span class=\"meta-nav\">&rarr;<\/span><\/a><\/p>\n","protected":false},"author":1,"featured_media":0,"comment_status":"open","ping_status":"open","sticky":false,"template":"","format":"standard","meta":{"footnotes":""},"categories":[1],"tags":[],"_links":{"self":[{"href":"https:\/\/hecktor.net\/index.php?rest_route=\/wp\/v2\/posts\/167"}],"collection":[{"href":"https:\/\/hecktor.net\/index.php?rest_route=\/wp\/v2\/posts"}],"about":[{"href":"https:\/\/hecktor.net\/index.php?rest_route=\/wp\/v2\/types\/post"}],"author":[{"embeddable":true,"href":"https:\/\/hecktor.net\/index.php?rest_route=\/wp\/v2\/users\/1"}],"replies":[{"embeddable":true,"href":"https:\/\/hecktor.net\/index.php?rest_route=%2Fwp%2Fv2%2Fcomments&post=167"}],"version-history":[{"count":8,"href":"https:\/\/hecktor.net\/index.php?rest_route=\/wp\/v2\/posts\/167\/revisions"}],"predecessor-version":[{"id":177,"href":"https:\/\/hecktor.net\/index.php?rest_route=\/wp\/v2\/posts\/167\/revisions\/177"}],"wp:attachment":[{"href":"https:\/\/hecktor.net\/index.php?rest_route=%2Fwp%2Fv2%2Fmedia&parent=167"}],"wp:term":[{"taxonomy":"category","embeddable":true,"href":"https:\/\/hecktor.net\/index.php?rest_route=%2Fwp%2Fv2%2Fcategories&post=167"},{"taxonomy":"post_tag","embeddable":true,"href":"https:\/\/hecktor.net\/index.php?rest_route=%2Fwp%2Fv2%2Ftags&post=167"}],"curies":[{"name":"wp","href":"https:\/\/api.w.org\/{rel}","templated":true}]}}