{"id":154,"date":"2013-08-24T21:43:48","date_gmt":"2013-08-24T21:43:48","guid":{"rendered":"http:\/\/hecktor.net\/?p=154"},"modified":"2013-08-26T08:16:16","modified_gmt":"2013-08-26T08:16:16","slug":"was-bisher-geschah","status":"publish","type":"post","link":"https:\/\/hecktor.net\/?p=154","title":{"rendered":"Was bisher geschah"},"content":{"rendered":"<p>Dezember 2012: Stefan entdeckt den Blogg und will der Welt regelm\u00e4\u00dfig mitteilen, was alles Wichtiges in seiner Welt geschieht. Ob die Welt das will oder nicht&#8230;.<\/p>\n<p>Februar 2013: Bischof Cornelius Esua zu Besuch<a href=\"http:\/\/hecktor.net\/wp-content\/uploads\/2013\/08\/IMGP4970.jpg\"><img loading=\"lazy\" decoding=\"async\" class=\"aligncenter size-medium wp-image-163\" title=\"IMGP4970\" src=\"http:\/\/hecktor.net\/wp-content\/uploads\/2013\/08\/IMGP4970-300x225.jpg\" alt=\"\" width=\"300\" height=\"225\" srcset=\"https:\/\/hecktor.net\/wp-content\/uploads\/2013\/08\/IMGP4970-300x225.jpg 300w, https:\/\/hecktor.net\/wp-content\/uploads\/2013\/08\/IMGP4970-400x300.jpg 400w, https:\/\/hecktor.net\/wp-content\/uploads\/2013\/08\/IMGP4970.jpg 1024w\" sizes=\"(max-width: 300px) 100vw, 300px\" \/><\/a>Februar 2013: UNFASSBAR &#8230;<\/p>\n<p>Fr\u00fchjahr 2013: Zu kalt, zu na\u00df, zu eklig. Primeln m\u00fcssen zu tausenden vernichtet werden. Wir haben noch einmal Gl\u00fcck gehabt und kommen mit einem blauen Auge drumrum.<\/p>\n<p>April 2013: 100 Jahre St. Johannes Apostel. Der Bischof ist zu Besuch. Es wird ein toller Gottesdienst und ein klasse Fest. siehe www.st-johannes-ap.de<\/p>\n<p><a href=\"http:\/\/hecktor.net\/wp-content\/uploads\/2013\/08\/IMGP5752.jpg\"><img loading=\"lazy\" decoding=\"async\" class=\"aligncenter size-medium wp-image-160\" title=\"JoJo + Bischof\" src=\"http:\/\/hecktor.net\/wp-content\/uploads\/2013\/08\/IMGP5752-e1377381184348-225x300.jpg\" alt=\"\" width=\"225\" height=\"300\" srcset=\"https:\/\/hecktor.net\/wp-content\/uploads\/2013\/08\/IMGP5752-e1377381184348-225x300.jpg 225w, https:\/\/hecktor.net\/wp-content\/uploads\/2013\/08\/IMGP5752-e1377381184348-768x1024.jpg 768w, https:\/\/hecktor.net\/wp-content\/uploads\/2013\/08\/IMGP5752-e1377381184348.jpg 1536w\" sizes=\"(max-width: 225px) 100vw, 225px\" \/><\/a><\/p>\n<p>Mai 2013: Der privaten\u00a0 Katastrophe entkommen: Nur mit Hilfe von Herrn Hahnemann und meiner Hausbank kann ich den finanziellen Ruin meiner Firma abwenden und die Finanzierung wieder auf feste S\u00e4ulen stellen. Sparen ist angesagt und in der Zukunft sind massive Ver\u00e4nderungen geplant. Aber dieses Fr\u00fchjahr m\u00f6chte ich nicht noch einmal erleben. Eine emotionale Achterbahn: Trauer, finanzielle Sorgen, viel,viel Arbeit und Erziehungsprobleme.<\/p>\n<p>Juli: 2013: Endlich mal eine Woche Urlaub. Ferien auf dem Bauernhof an der Ostsee in Ostfriesland. Das war sch\u00f6n.<a href=\"http:\/\/hecktor.net\/wp-content\/uploads\/2013\/08\/IMGP6857.jpg\"><img loading=\"lazy\" decoding=\"async\" class=\"aligncenter size-medium wp-image-159\" title=\"Nordsee 2013\" src=\"http:\/\/hecktor.net\/wp-content\/uploads\/2013\/08\/IMGP6857-300x225.jpg\" alt=\"\" width=\"300\" height=\"225\" srcset=\"https:\/\/hecktor.net\/wp-content\/uploads\/2013\/08\/IMGP6857-300x225.jpg 300w, https:\/\/hecktor.net\/wp-content\/uploads\/2013\/08\/IMGP6857-1024x768.jpg 1024w, https:\/\/hecktor.net\/wp-content\/uploads\/2013\/08\/IMGP6857-400x300.jpg 400w, https:\/\/hecktor.net\/wp-content\/uploads\/2013\/08\/IMGP6857.jpg 2048w\" sizes=\"(max-width: 300px) 100vw, 300px\" \/><\/a><\/p>\n<p>August 2013: Und dann noch die obligatorische Woche Familienzeltlager im Hunsr\u00fcck. F\u00fcr meine Kinder das Highlight des Jahres!<a href=\"http:\/\/hecktor.net\/wp-content\/uploads\/2013\/08\/IMGP7175.jpg\"><img loading=\"lazy\" decoding=\"async\" class=\"aligncenter size-medium wp-image-158\" title=\"FZL2013-Im Bach\" src=\"http:\/\/hecktor.net\/wp-content\/uploads\/2013\/08\/IMGP7175-300x225.jpg\" alt=\"\" width=\"300\" height=\"225\" srcset=\"https:\/\/hecktor.net\/wp-content\/uploads\/2013\/08\/IMGP7175-300x225.jpg 300w, https:\/\/hecktor.net\/wp-content\/uploads\/2013\/08\/IMGP7175-1024x768.jpg 1024w, https:\/\/hecktor.net\/wp-content\/uploads\/2013\/08\/IMGP7175-400x300.jpg 400w, https:\/\/hecktor.net\/wp-content\/uploads\/2013\/08\/IMGP7175.jpg 2048w\" sizes=\"(max-width: 300px) 100vw, 300px\" \/><\/a><\/p>\n<p>&nbsp;<\/p>\n","protected":false},"excerpt":{"rendered":"<p>Dezember 2012: Stefan entdeckt den Blogg und will der Welt regelm\u00e4\u00dfig mitteilen, was alles Wichtiges in seiner Welt geschieht. Ob die Welt das will oder nicht&#8230;. Februar 2013: Bischof Cornelius Esua zu BesuchFebruar 2013: UNFASSBAR &#8230; Fr\u00fchjahr 2013: Zu kalt, &hellip; <a href=\"https:\/\/hecktor.net\/?p=154\">Weiterlesen <span class=\"meta-nav\">&rarr;<\/span><\/a><\/p>\n","protected":false},"author":1,"featured_media":0,"comment_status":"open","ping_status":"open","sticky":false,"template":"","format":"standard","meta":{"footnotes":""},"categories":[1],"tags":[],"_links":{"self":[{"href":"https:\/\/hecktor.net\/index.php?rest_route=\/wp\/v2\/posts\/154"}],"collection":[{"href":"https:\/\/hecktor.net\/index.php?rest_route=\/wp\/v2\/posts"}],"about":[{"href":"https:\/\/hecktor.net\/index.php?rest_route=\/wp\/v2\/types\/post"}],"author":[{"embeddable":true,"href":"https:\/\/hecktor.net\/index.php?rest_route=\/wp\/v2\/users\/1"}],"replies":[{"embeddable":true,"href":"https:\/\/hecktor.net\/index.php?rest_route=%2Fwp%2Fv2%2Fcomments&post=154"}],"version-history":[{"count":6,"href":"https:\/\/hecktor.net\/index.php?rest_route=\/wp\/v2\/posts\/154\/revisions"}],"predecessor-version":[{"id":165,"href":"https:\/\/hecktor.net\/index.php?rest_route=\/wp\/v2\/posts\/154\/revisions\/165"}],"wp:attachment":[{"href":"https:\/\/hecktor.net\/index.php?rest_route=%2Fwp%2Fv2%2Fmedia&parent=154"}],"wp:term":[{"taxonomy":"category","embeddable":true,"href":"https:\/\/hecktor.net\/index.php?rest_route=%2Fwp%2Fv2%2Fcategories&post=154"},{"taxonomy":"post_tag","embeddable":true,"href":"https:\/\/hecktor.net\/index.php?rest_route=%2Fwp%2Fv2%2Ftags&post=154"}],"curies":[{"name":"wp","href":"https:\/\/api.w.org\/{rel}","templated":true}]}}