{"id":348,"date":"2015-01-01T10:53:55","date_gmt":"2015-01-01T10:53:55","guid":{"rendered":"http:\/\/hecktor.net\/?p=348"},"modified":"2015-01-01T11:16:43","modified_gmt":"2015-01-01T11:16:43","slug":"adieu-pfarrer-erinnerungen","status":"publish","type":"post","link":"http:\/\/hecktor.net\/?p=348","title":{"rendered":"Adieu Pfarrer &#8211; Erinnerungen"},"content":{"rendered":"<p><a href=\"http:\/\/hecktor.net\/wp-content\/uploads\/2015\/01\/Pfr.Pfaff2010.jpg\"><img loading=\"lazy\" decoding=\"async\" class=\"alignleft size-thumbnail wp-image-350\" alt=\"Pfr.Pfaff2010\" src=\"http:\/\/hecktor.net\/wp-content\/uploads\/2015\/01\/Pfr.Pfaff2010-150x150.jpg\" width=\"150\" height=\"150\" \/><\/a> Am 18. Dezember 2014 ist Pfarrer Wolfram Pfaff nach kurzer, schwerer Krankheit verstorben. Er war mir und uns ein guter Seelsorger, Pfarrer, Berater, v\u00e4terlicher Freund. Immer etwas ungeduldig, er hat aber alles auf den Punkt gebracht. Und wenn man etwas mit ihm zu besprechen hatte, mu\u00dfte man schnell sein, sonst hatte er den Telefonh\u00f6rer wieder aufgelegt. Er hat unsere Kinder getauft. Jonathan in der Osternacht 2006. Der einzige &#8218;2 Stunden-Gottesdienst&#8216; von Pfarrer Pfaff in Unterliederbach! Das Vorbereitungsgespr\u00e4ch bei einer Flasche Wein lief so: Ach Frau Hecktor, ach Herr Hecktor, \u00fcber die Taufe wissen Sie doch eh alles, was soll ich da noch erkl\u00e4ren, lassen Sie uns \u00fcber anderes sprechen. \u00c4h, eigentlich hatten wir uns vorher noch nie Gedanken \u00fcber die Bedeutung einer Taufe gemacht.\u00a0 Und Johanna am 14. Dezember 2008. Gut er hat Father Andrew gebeten die Taufe durchzuf\u00fchren. Fehler! Andrew unsicher. Nach einem Jahr in Deutschland der Sprache noch nicht so m\u00e4chtig. Und Johanna hat die gesamte Taufe geschrien. Und Pfarrer Pfaff wurde Minute um Minute ungeduldiger. Er w\u00e4re fast geplatzt. Tja&#8230;.<\/p>\n<p>Auch eine sch\u00f6n Geschichte: Pfarrers erster Gottesdienst im Zeltlager 2004 in Ravengiersburg. Auf der anderen Bachseite im Schatten. Pfarrer ist extra mit dem Ehepaar P\u00f6rtner und Frau Malmus angereist. Das Thema: Das Gleichnis vom guten Samariter. So, wer kann denn das Evangelium vortragen? Daniel, damals 12, meldet sich und f\u00e4ngt an zu erz\u00e4hlen. Der Pfarrer f\u00e4llt ihm ins Wort, und zitiert das Evangelium wortw\u00f6rtlich. In seiner ersten Atempause ergreift Daniel die Initiative und erz\u00e4hlt unger\u00fchrt weiter. Aber der Pfarrer \u00fcbernimmt wieder und so geht das 3, 4 mal hin und her. Sternstunde! Danke Pfarrer, danke Daniel. Pfarrer Pfaff kl\u00e4rt Daniel auf: Es gibt zwei Bibelststellen, die jeder Christ zitieren k\u00f6nnen muss! Die zweite ist die Emmausgeschichte!<\/p>\n<p>Und dann habe ich ja st\u00e4ndig Besuch aus Kamerun angeschleppt. Father Robert hat sogar bei Pfarrer Pfaff im Pfarrhaus geschlafen, Bischof George war da, Alice und Michael, Makelia und Ephriam, der Generalvikar Father Roland, Bernhard Kong, nat\u00fcrlich Father Andrew und Father Augustin und letztes Jahr noch einmal Ephriam bei seiner Wellcome-Back-Party. Er war immer sehr interessiert an der Partnerschaft mit Djottin. Er hat uns den R\u00fccken freigehalten! Zusammen mit Herrn Daus hat er die Richtlinien des Djottin-Gesundheits- und Sozial-Fonds ausgearbeitet.<\/p>\n<p>Und dann war da noch die letzte PGR-Vorstandssitzung mit unserem Pfarrer. Herr Pfarrer, jetzt sagen Sie doch auch einmal etwas. Und dann haut er so schnorrig wie immer einen Spruch hreraus (Den er gerne immer wieder zitierte.), der so klasse unser Tun f\u00fcr die katholische Kirche, f\u00fcr die Pfarrei und f\u00fcr die Menschen beschreibt. Moment mal Herr Pfarrer, bitte noch einmal, den m\u00f6chte ich gern aufschreiben, der ist ja gut und so gehaltvoll!<\/p>\n<p align=\"center\">Engagierte Gelassenheit,<br \/>\nk\u00e4mpferische Sehnsucht im Herzen<br \/>\nund kritische Treue.<\/p>\n<p>\u00dcber diese Aussagen mu\u00df ich oft nachdenken und sie ber\u00fchren mich sehr. Im Requiem hat Pfarrer Martin Sauer diese Zeilen im Zusammenhang mit dem Johannes-Prolog gebracht. &#8218;Am Anfang war das Wort&#8230;.`Es war \u00fcbrigens die beste Predigt, die ich von Pfarrer Sauer bisher geh\u00f6rt habe. Und es war die gleiche Bibelstelle, wie beim Requiem f\u00fcr meinen Vater. Der Kreis schlie\u00dft sich &#8230;<\/p>\n<p>Was ich mir w\u00fcnsche, f\u00fcr unseren Pfarrer? Da kann ich nur die irischen Segensw\u00fcnsche\u00a0 zitieren: &#8218;Sei \u00fcber vierzig Jahre im Himmel, bevor der Teufel merkt, Du bist schon tot.&#8216;<\/p>\n<p>In seinem letzten Gottesdienst am 2. November \u2013 Allerseelen \u2013 hat Pfarrer Pfaff folgendes Wort in seiner Predigt gesagt: \u201aTrauer hat eine Schwester: Die Dankbarkeit!\u2018\u00a0 Danke Pfarrer, da\u00df ich Sie erleben durfte. Danke, f\u00fcr die vielen Gespr\u00e4che. Danke, f\u00fcr die Ermahnungen. Danke, f\u00fcr die Inspiration. Sie werden mir fehlen. Adieu Pfarrer&#8230;<\/p>\n\n\t\t<style type=\"text\/css\">\n\t\t\t#gallery-1 {\n\t\t\t\tmargin: auto;\n\t\t\t}\n\t\t\t#gallery-1 .gallery-item {\n\t\t\t\tfloat: left;\n\t\t\t\tmargin-top: 10px;\n\t\t\t\ttext-align: center;\n\t\t\t\twidth: 33%;\n\t\t\t}\n\t\t\t#gallery-1 img {\n\t\t\t\tborder: 2px solid #cfcfcf;\n\t\t\t}\n\t\t\t#gallery-1 .gallery-caption {\n\t\t\t\tmargin-left: 0;\n\t\t\t}\n\t\t\t\/* see gallery_shortcode() in wp-includes\/media.php *\/\n\t\t<\/style>\n\t\t<div id='gallery-1' class='gallery galleryid-348 gallery-columns-3 gallery-size-thumbnail'><dl class='gallery-item'>\n\t\t\t<dt class='gallery-icon landscape'>\n\t\t\t\t<a href='http:\/\/hecktor.net\/?attachment_id=370'><img loading=\"lazy\" decoding=\"async\" width=\"150\" height=\"150\" src=\"http:\/\/hecktor.net\/wp-content\/uploads\/2015\/01\/Ostern-mit-Pfarrer-Pfaff-JA2006-150x150.jpg\" class=\"attachment-thumbnail size-thumbnail\" alt=\"\" \/><\/a>\n\t\t\t<\/dt><\/dl><dl class='gallery-item'>\n\t\t\t<dt class='gallery-icon landscape'>\n\t\t\t\t<a href='http:\/\/hecktor.net\/?attachment_id=372'><img loading=\"lazy\" decoding=\"async\" width=\"150\" height=\"150\" src=\"http:\/\/hecktor.net\/wp-content\/uploads\/2015\/01\/Taufe-Jonathan-5-JA2006-150x150.jpg\" class=\"attachment-thumbnail size-thumbnail\" alt=\"\" \/><\/a>\n\t\t\t<\/dt><\/dl><dl class='gallery-item'>\n\t\t\t<dt class='gallery-icon landscape'>\n\t\t\t\t<a href='http:\/\/hecktor.net\/?attachment_id=387'><img loading=\"lazy\" decoding=\"async\" width=\"150\" height=\"150\" src=\"http:\/\/hecktor.net\/wp-content\/uploads\/2015\/01\/Taufe-Jonathan-JA2006-150x150.jpg\" class=\"attachment-thumbnail size-thumbnail\" alt=\"\" \/><\/a>\n\t\t\t<\/dt><\/dl><br style=\"clear: both\" \/><dl class='gallery-item'>\n\t\t\t<dt class='gallery-icon portrait'>\n\t\t\t\t<a href='http:\/\/hecktor.net\/?attachment_id=385'><img loading=\"lazy\" decoding=\"async\" width=\"150\" height=\"150\" src=\"http:\/\/hecktor.net\/wp-content\/uploads\/2015\/01\/Taufe-Jonathan-4-JA2006-150x150.jpg\" class=\"attachment-thumbnail size-thumbnail\" alt=\"\" \/><\/a>\n\t\t\t<\/dt><\/dl><dl class='gallery-item'>\n\t\t\t<dt class='gallery-icon landscape'>\n\t\t\t\t<a href='http:\/\/hecktor.net\/?attachment_id=369'><img loading=\"lazy\" decoding=\"async\" width=\"150\" height=\"150\" src=\"http:\/\/hecktor.net\/wp-content\/uploads\/2015\/01\/Ostern-mit-Pfarrer-Pfaff-2-JA2006-150x150.jpg\" class=\"attachment-thumbnail size-thumbnail\" alt=\"\" \/><\/a>\n\t\t\t<\/dt><\/dl><dl class='gallery-item'>\n\t\t\t<dt class='gallery-icon landscape'>\n\t\t\t\t<a href='http:\/\/hecktor.net\/?attachment_id=364'><img loading=\"lazy\" decoding=\"async\" width=\"150\" height=\"150\" src=\"http:\/\/hecktor.net\/wp-content\/uploads\/2015\/01\/Taufe4-150x150.jpg\" class=\"attachment-thumbnail size-thumbnail\" alt=\"\" \/><\/a>\n\t\t\t<\/dt><\/dl><br style=\"clear: both\" \/><dl class='gallery-item'>\n\t\t\t<dt class='gallery-icon landscape'>\n\t\t\t\t<a href='http:\/\/hecktor.net\/?attachment_id=373'><img loading=\"lazy\" decoding=\"async\" width=\"150\" height=\"150\" src=\"http:\/\/hecktor.net\/wp-content\/uploads\/2015\/01\/ZL2005-Godi1-JA-150x150.jpg\" class=\"attachment-thumbnail size-thumbnail\" alt=\"\" \/><\/a>\n\t\t\t<\/dt><\/dl><dl class='gallery-item'>\n\t\t\t<dt class='gallery-icon landscape'>\n\t\t\t\t<a href='http:\/\/hecktor.net\/?attachment_id=374'><img loading=\"lazy\" decoding=\"async\" width=\"150\" height=\"150\" src=\"http:\/\/hecktor.net\/wp-content\/uploads\/2015\/01\/ZL2005-Godi2-JA-150x150.jpg\" class=\"attachment-thumbnail size-thumbnail\" alt=\"\" \/><\/a>\n\t\t\t<\/dt><\/dl><dl class='gallery-item'>\n\t\t\t<dt class='gallery-icon landscape'>\n\t\t\t\t<a href='http:\/\/hecktor.net\/?attachment_id=375'><img loading=\"lazy\" decoding=\"async\" width=\"150\" height=\"150\" src=\"http:\/\/hecktor.net\/wp-content\/uploads\/2015\/01\/ZL2005-Godi3-JA-150x150.jpg\" class=\"attachment-thumbnail size-thumbnail\" alt=\"\" \/><\/a>\n\t\t\t<\/dt><\/dl><br style=\"clear: both\" \/><dl class='gallery-item'>\n\t\t\t<dt class='gallery-icon portrait'>\n\t\t\t\t<a href='http:\/\/hecktor.net\/?attachment_id=378'><img loading=\"lazy\" decoding=\"async\" width=\"150\" height=\"150\" src=\"http:\/\/hecktor.net\/wp-content\/uploads\/2015\/01\/ZL2005-PfarrerPfaff-JA-150x150.jpg\" class=\"attachment-thumbnail size-thumbnail\" alt=\"\" \/><\/a>\n\t\t\t<\/dt><\/dl><dl class='gallery-item'>\n\t\t\t<dt class='gallery-icon portrait'>\n\t\t\t\t<a href='http:\/\/hecktor.net\/?attachment_id=377'><img loading=\"lazy\" decoding=\"async\" width=\"150\" height=\"150\" src=\"http:\/\/hecktor.net\/wp-content\/uploads\/2015\/01\/ZL2005-PfarrerPfaff-2-JA-150x150.jpg\" class=\"attachment-thumbnail size-thumbnail\" alt=\"\" \/><\/a>\n\t\t\t<\/dt><\/dl><dl class='gallery-item'>\n\t\t\t<dt class='gallery-icon landscape'>\n\t\t\t\t<a href='http:\/\/hecktor.net\/?attachment_id=376'><img loading=\"lazy\" decoding=\"async\" width=\"150\" height=\"150\" src=\"http:\/\/hecktor.net\/wp-content\/uploads\/2015\/01\/ZL2005-Godi4-JA-150x150.jpg\" class=\"attachment-thumbnail size-thumbnail\" alt=\"\" \/><\/a>\n\t\t\t<\/dt><\/dl><br style=\"clear: both\" \/><dl class='gallery-item'>\n\t\t\t<dt class='gallery-icon landscape'>\n\t\t\t\t<a href='http:\/\/hecktor.net\/?attachment_id=352'><img loading=\"lazy\" decoding=\"async\" width=\"150\" height=\"150\" src=\"http:\/\/hecktor.net\/wp-content\/uploads\/2015\/01\/Emmaus2010-e1420103677966-150x150.jpg\" class=\"attachment-thumbnail size-thumbnail\" alt=\"\" \/><\/a>\n\t\t\t<\/dt><\/dl><dl class='gallery-item'>\n\t\t\t<dt class='gallery-icon portrait'>\n\t\t\t\t<a href='http:\/\/hecktor.net\/?attachment_id=353'><img loading=\"lazy\" decoding=\"async\" width=\"150\" height=\"150\" src=\"http:\/\/hecktor.net\/wp-content\/uploads\/2015\/01\/Pfarrer-Sege-Kleiderladen-150x150.jpg\" class=\"attachment-thumbnail size-thumbnail\" alt=\"\" \/><\/a>\n\t\t\t<\/dt><\/dl><dl class='gallery-item'>\n\t\t\t<dt class='gallery-icon portrait'>\n\t\t\t\t<a href='http:\/\/hecktor.net\/?attachment_id=389'><img loading=\"lazy\" decoding=\"async\" width=\"150\" height=\"150\" src=\"http:\/\/hecktor.net\/wp-content\/uploads\/2015\/01\/2014-Requiem-Pfr.-Pfaff-150x150.jpg\" class=\"attachment-thumbnail size-thumbnail\" alt=\"\" \/><\/a>\n\t\t\t<\/dt><\/dl><br style=\"clear: both\" \/><dl class='gallery-item'>\n\t\t\t<dt class='gallery-icon portrait'>\n\t\t\t\t<a href='http:\/\/hecktor.net\/?attachment_id=390'><img loading=\"lazy\" decoding=\"async\" width=\"150\" height=\"150\" src=\"http:\/\/hecktor.net\/wp-content\/uploads\/2015\/01\/2014-Requiem-Pfr.-Pfaff-2-150x150.jpg\" class=\"attachment-thumbnail size-thumbnail\" alt=\"\" \/><\/a>\n\t\t\t<\/dt><\/dl><dl class='gallery-item'>\n\t\t\t<dt class='gallery-icon portrait'>\n\t\t\t\t<a href='http:\/\/hecktor.net\/?attachment_id=391'><img loading=\"lazy\" decoding=\"async\" width=\"150\" height=\"150\" src=\"http:\/\/hecktor.net\/wp-content\/uploads\/2015\/01\/2014-Requiem-Pfr.-Pfaff-3-150x150.jpg\" class=\"attachment-thumbnail size-thumbnail\" alt=\"\" \/><\/a>\n\t\t\t<\/dt><\/dl><dl class='gallery-item'>\n\t\t\t<dt class='gallery-icon landscape'>\n\t\t\t\t<a href='http:\/\/hecktor.net\/?attachment_id=392'><img loading=\"lazy\" decoding=\"async\" width=\"150\" height=\"150\" src=\"http:\/\/hecktor.net\/wp-content\/uploads\/2015\/01\/2014-Requiem-Pfr.-Pfaff-4-150x150.jpg\" class=\"attachment-thumbnail size-thumbnail\" alt=\"\" \/><\/a>\n\t\t\t<\/dt><\/dl><br style=\"clear: both\" \/><dl class='gallery-item'>\n\t\t\t<dt class='gallery-icon landscape'>\n\t\t\t\t<a href='http:\/\/hecktor.net\/?attachment_id=393'><img loading=\"lazy\" decoding=\"async\" width=\"150\" height=\"150\" src=\"http:\/\/hecktor.net\/wp-content\/uploads\/2015\/01\/2014-Requiem-Pfr.-Pfaff-5-150x150.jpg\" class=\"attachment-thumbnail size-thumbnail\" alt=\"\" \/><\/a>\n\t\t\t<\/dt><\/dl><dl class='gallery-item'>\n\t\t\t<dt class='gallery-icon portrait'>\n\t\t\t\t<a href='http:\/\/hecktor.net\/?attachment_id=394'><img loading=\"lazy\" decoding=\"async\" width=\"150\" height=\"150\" src=\"http:\/\/hecktor.net\/wp-content\/uploads\/2015\/01\/2014-Requiem-Pfr.-Pfaff-6-150x150.jpg\" class=\"attachment-thumbnail size-thumbnail\" alt=\"\" \/><\/a>\n\t\t\t<\/dt><\/dl><dl class='gallery-item'>\n\t\t\t<dt class='gallery-icon portrait'>\n\t\t\t\t<a href='http:\/\/hecktor.net\/?attachment_id=395'><img loading=\"lazy\" decoding=\"async\" width=\"150\" height=\"150\" src=\"http:\/\/hecktor.net\/wp-content\/uploads\/2015\/01\/2014-Requiem-Pfr.-Pfaff-7-150x150.jpg\" class=\"attachment-thumbnail size-thumbnail\" alt=\"\" \/><\/a>\n\t\t\t<\/dt><\/dl><br style=\"clear: both\" \/>\n\t\t<\/div>\n\n<p>&nbsp;<\/p>\n<p>&nbsp;<\/p>\n","protected":false},"excerpt":{"rendered":"<p>Am 18. Dezember 2014 ist Pfarrer Wolfram Pfaff nach kurzer, schwerer Krankheit verstorben. Er war mir und uns ein guter Seelsorger, Pfarrer, Berater, v\u00e4terlicher Freund. Immer etwas ungeduldig, er hat aber alles auf den Punkt gebracht. Und wenn man etwas &hellip; <a href=\"http:\/\/hecktor.net\/?p=348\">Weiterlesen <span class=\"meta-nav\">&rarr;<\/span><\/a><\/p>\n","protected":false},"author":1,"featured_media":0,"comment_status":"open","ping_status":"open","sticky":false,"template":"","format":"standard","meta":{"footnotes":""},"categories":[1],"tags":[],"_links":{"self":[{"href":"http:\/\/hecktor.net\/index.php?rest_route=\/wp\/v2\/posts\/348"}],"collection":[{"href":"http:\/\/hecktor.net\/index.php?rest_route=\/wp\/v2\/posts"}],"about":[{"href":"http:\/\/hecktor.net\/index.php?rest_route=\/wp\/v2\/types\/post"}],"author":[{"embeddable":true,"href":"http:\/\/hecktor.net\/index.php?rest_route=\/wp\/v2\/users\/1"}],"replies":[{"embeddable":true,"href":"http:\/\/hecktor.net\/index.php?rest_route=%2Fwp%2Fv2%2Fcomments&post=348"}],"version-history":[{"count":9,"href":"http:\/\/hecktor.net\/index.php?rest_route=\/wp\/v2\/posts\/348\/revisions"}],"predecessor-version":[{"id":397,"href":"http:\/\/hecktor.net\/index.php?rest_route=\/wp\/v2\/posts\/348\/revisions\/397"}],"wp:attachment":[{"href":"http:\/\/hecktor.net\/index.php?rest_route=%2Fwp%2Fv2%2Fmedia&parent=348"}],"wp:term":[{"taxonomy":"category","embeddable":true,"href":"http:\/\/hecktor.net\/index.php?rest_route=%2Fwp%2Fv2%2Fcategories&post=348"},{"taxonomy":"post_tag","embeddable":true,"href":"http:\/\/hecktor.net\/index.php?rest_route=%2Fwp%2Fv2%2Ftags&post=348"}],"curies":[{"name":"wp","href":"https:\/\/api.w.org\/{rel}","templated":true}]}}